{"id":5871,"date":"2025-11-24T09:56:17","date_gmt":"2025-11-24T08:56:17","guid":{"rendered":"https:\/\/www.isolistidipavia.com\/?p=5871"},"modified":"2025-11-24T15:47:43","modified_gmt":"2025-11-24T14:47:43","slug":"ilnovedicembre-concerto-per-la-citta","status":"publish","type":"post","link":"https:\/\/www.isolistidipavia.com\/en\/notizie\/ilnovedicembre-concerto-per-la-citta\/","title":{"rendered":"ILNOVEDICEMBRE: CONCERTO PER LA CITT\u00c0"},"content":{"rendered":"<p>Aprono oggi le prevendite per il tradizionale Concerto <strong>de I Solisti di Pavia <\/strong>nel giorno del Santo Patrono San Siro, il 9 dicembre, alle ore 20:00 presso il <strong>Teatro Fraschini<\/strong> di Pavia.<\/p>\n<p>L\u2019evento rappresenta un appuntamento annuale di solidariet\u00e0 grazie a <strong>Fondazione Monte di Lombardia<\/strong> che vuole offrire alla citt\u00e0 di Pavia una serata all&#8217;insegna della cultura e della grande musica, al tempo stesso con l\u2019opportunit\u00e0 di contribuire a una causa benefica rivolta a chi ne ha pi\u00f9 bisogno sul territorio: l\u2019intero ricavato dell&#8217;evento sar\u00e0, infatti, devoluto, come negli scorsi anni, \u00a0alla Mensa Francescana dei Frati Minori di Canepanova e alla Mensa del Fratello di San Mauro, entrambe attive nel sostenere i pi\u00f9 bisognosi in citt\u00e0.<\/p>\n<p>Protagonisti sul palco saranno <strong>I Solisti di Pavia<\/strong>, Ente Strumentale della Fondazione, in formazione sinfonica, diretti dal <strong>M\u00b0 Daniele Giorgi <\/strong>e con ospite d\u2019onore <strong>Filippo Gorini<\/strong> al pianoforte.<\/p>\n<p>Il programma musicale prevede l\u2019esecuzione del <em>Concerto per pianoforte e orchestra n\u00b04 in Sol Maggiore <\/em>op.58 e la <em>Sinfonia n\u00b0 7 in La Maggiore <\/em>op.92 di <strong>Ludwig van Beethoven.<\/strong><\/p>\n<p><strong>Fondazione Monte di Lombardia <\/strong>rinnova, inoltre, anche quest\u2019anno l\u2019attenzione verso i pi\u00f9 giovani, offrendo <strong>50<\/strong><strong> biglietti gratuiti<\/strong> agli <strong>studenti<\/strong> delle scuole pavesi e ai loro <strong>insegnanti<\/strong>, che potranno essere ritirati entro il 3 dicembre presso la sede della Fondazione.<\/p>\n<p>I biglietti sono acquistabili a partire da luned\u00ec 24 novembre, presso la biglietteria del Teatro Fraschini, dal luned\u00ec al sabato (festivi esclusi) dalle ore 17:00 alle 19:00 e mercoled\u00ec e sabato dalle ore 11:00 alle ore 13:00, e sul circuito Vivaticket.<\/p>\n<p class=\"p2\"><strong>Prezzi dei biglietti<br \/>\n<\/strong>Intero: \u20ac10<br \/>\nUnder 30: \u20ac5<\/p>\n<p class=\"p2\">Un&#8217;occasione per celebrare il Santo Patrono con la musica, in un contesto di solidariet\u00e0 e cultura che rende omaggio al cuore di Pavia e alle sue radici di generosit\u00e0 e attenzione al prossimo.<\/p>\n<p class=\"p2\"><strong>vendita online<\/strong> su <a href=\"https:\/\/teatrofraschini.vivaticket.it\/it\/event\/il-9-dicembre\/254695\" target=\"_blank\" rel=\"noopener\">teatrofraschini.vivaticket.it<\/a> oppure<\/p>\n<p class=\"p2\"><strong>Per informazioni:<\/strong><br \/>\nTel. 0382 371214<br \/>\n<a href=\"mailto:biglietteria@teatrofraschini.org\">biglietteria@teatrofraschini.org<\/a><span class=\"s1\"><br \/>\n<a href=\"https:\/\/www.teatrofraschini.it\/programma\/i-solisti-di-pavia-concerto-per-la-citta\/\">Teatro Fraschini : IL 9 DICEMBRE<\/a><br \/>\n<\/span><\/p>\n<p>&nbsp;<\/p>\n","protected":false},"excerpt":{"rendered":"<p>Aprono oggi le prevendite per il tradizionale Concerto de I Solisti di Pavia nel giorno del Santo Patrono San Siro, il 9 dicembre, alle ore 20:00 presso il Teatro Fraschini [&hellip;]<\/p>\n","protected":false},"author":2,"featured_media":5883,"comment_status":"closed","ping_status":"open","sticky":false,"template":"","format":"standard","meta":{"_et_pb_use_builder":"","_et_pb_old_content":"","_et_gb_content_width":"","footnotes":""},"categories":[17],"tags":[],"class_list":["post-5871","post","type-post","status-publish","format-standard","has-post-thumbnail","hentry","category-notizie"],"yoast_head":"<!-- This site is optimized with the Yoast SEO Premium plugin v28.3 (Yoast SEO v28.3) - https:\/\/yoast.com\/product\/yoast-seo-premium-wordpress\/ -->\n<title>ILNOVEDICEMBRE: CONCERTO PER LA CITT\u00c0 | I Solisti di Pavia<\/title>\n<meta name=\"robots\" content=\"index, follow, max-snippet:-1, max-image-preview:large, max-video-preview:-1\" \/>\n<link rel=\"canonical\" href=\"https:\/\/www.isolistidipavia.com\/en\/notizie\/ilnovedicembre-concerto-per-la-citta\/\" \/>\n<meta property=\"og:locale\" content=\"en_US\" \/>\n<meta property=\"og:type\" content=\"article\" \/>\n<meta property=\"og:title\" content=\"ILNOVEDICEMBRE: CONCERTO PER LA CITT\u00c0 | I Solisti di Pavia\" \/>\n<meta property=\"og:description\" content=\"Aprono oggi le prevendite per il tradizionale Concerto de I Solisti di Pavia nel giorno del Santo Patrono San Siro, il 9 dicembre, alle ore 20:00 presso il Teatro Fraschini [&hellip;]\" \/>\n<meta property=\"og:url\" content=\"https:\/\/www.isolistidipavia.com\/en\/notizie\/ilnovedicembre-concerto-per-la-citta\/\" \/>\n<meta property=\"og:site_name\" content=\"I Solisti di Pavia\" \/>\n<meta property=\"article:publisher\" content=\"https:\/\/www.facebook.com\/isolistidipavia\/\" \/>\n<meta property=\"article:published_time\" content=\"2025-11-24T08:56:17+00:00\" \/>\n<meta property=\"article:modified_time\" content=\"2025-11-24T14:47:43+00:00\" \/>\n<meta property=\"og:image\" content=\"https:\/\/www.isolistidipavia.com\/wp-content\/uploads\/2025\/11\/novedicembre-2025-TEST_page-0001.jpg\" \/>\n\t<meta property=\"og:image:width\" content=\"1754\" \/>\n\t<meta property=\"og:image:height\" content=\"2481\" \/>\n\t<meta property=\"og:image:type\" content=\"image\/jpeg\" \/>\n<meta name=\"author\" content=\"Staff\" \/>\n<meta name=\"twitter:card\" content=\"summary_large_image\" \/>\n<meta name=\"twitter:label1\" content=\"Written by\" \/>\n\t<meta name=\"twitter:data1\" content=\"Staff\" \/>\n\t<meta name=\"twitter:label2\" content=\"Est. reading time\" \/>\n\t<meta name=\"twitter:data2\" content=\"2 minutes\" \/>\n<script type=\"application\/ld+json\" class=\"yoast-schema-graph\">{\"@context\":\"https:\\\/\\\/schema.org\",\"@graph\":[{\"@type\":\"Article\",\"@id\":\"https:\\\/\\\/www.isolistidipavia.com\\\/en\\\/notizie\\\/ilnovedicembre-concerto-per-la-citta\\\/#article\",\"isPartOf\":{\"@id\":\"https:\\\/\\\/www.isolistidipavia.com\\\/en\\\/notizie\\\/ilnovedicembre-concerto-per-la-citta\\\/\"},\"author\":{\"name\":\"Staff\",\"@id\":\"https:\\\/\\\/www.isolistidipavia.com\\\/en\\\/#\\\/schema\\\/person\\\/d273ed5a35f409f0fa13cfadd506bba0\"},\"headline\":\"ILNOVEDICEMBRE: CONCERTO PER LA CITT\u00c0\",\"datePublished\":\"2025-11-24T08:56:17+00:00\",\"dateModified\":\"2025-11-24T14:47:43+00:00\",\"mainEntityOfPage\":{\"@id\":\"https:\\\/\\\/www.isolistidipavia.com\\\/en\\\/notizie\\\/ilnovedicembre-concerto-per-la-citta\\\/\"},\"wordCount\":314,\"publisher\":{\"@id\":\"https:\\\/\\\/www.isolistidipavia.com\\\/en\\\/#organization\"},\"image\":{\"@id\":\"https:\\\/\\\/www.isolistidipavia.com\\\/en\\\/notizie\\\/ilnovedicembre-concerto-per-la-citta\\\/#primaryimage\"},\"thumbnailUrl\":\"https:\\\/\\\/www.isolistidipavia.com\\\/wp-content\\\/uploads\\\/2025\\\/11\\\/novedicembre-2025-TEST_page-0001.jpg\",\"articleSection\":[\"Notizie\"],\"inLanguage\":\"en-US\"},{\"@type\":\"WebPage\",\"@id\":\"https:\\\/\\\/www.isolistidipavia.com\\\/en\\\/notizie\\\/ilnovedicembre-concerto-per-la-citta\\\/\",\"url\":\"https:\\\/\\\/www.isolistidipavia.com\\\/en\\\/notizie\\\/ilnovedicembre-concerto-per-la-citta\\\/\",\"name\":\"ILNOVEDICEMBRE: CONCERTO PER LA CITT\u00c0 | I Solisti di Pavia\",\"isPartOf\":{\"@id\":\"https:\\\/\\\/www.isolistidipavia.com\\\/en\\\/#website\"},\"primaryImageOfPage\":{\"@id\":\"https:\\\/\\\/www.isolistidipavia.com\\\/en\\\/notizie\\\/ilnovedicembre-concerto-per-la-citta\\\/#primaryimage\"},\"image\":{\"@id\":\"https:\\\/\\\/www.isolistidipavia.com\\\/en\\\/notizie\\\/ilnovedicembre-concerto-per-la-citta\\\/#primaryimage\"},\"thumbnailUrl\":\"https:\\\/\\\/www.isolistidipavia.com\\\/wp-content\\\/uploads\\\/2025\\\/11\\\/novedicembre-2025-TEST_page-0001.jpg\",\"datePublished\":\"2025-11-24T08:56:17+00:00\",\"dateModified\":\"2025-11-24T14:47:43+00:00\",\"breadcrumb\":{\"@id\":\"https:\\\/\\\/www.isolistidipavia.com\\\/en\\\/notizie\\\/ilnovedicembre-concerto-per-la-citta\\\/#breadcrumb\"},\"inLanguage\":\"en-US\",\"potentialAction\":[{\"@type\":\"ReadAction\",\"target\":[\"https:\\\/\\\/www.isolistidipavia.com\\\/en\\\/notizie\\\/ilnovedicembre-concerto-per-la-citta\\\/\"]}]},{\"@type\":\"ImageObject\",\"inLanguage\":\"en-US\",\"@id\":\"https:\\\/\\\/www.isolistidipavia.com\\\/en\\\/notizie\\\/ilnovedicembre-concerto-per-la-citta\\\/#primaryimage\",\"url\":\"https:\\\/\\\/www.isolistidipavia.com\\\/wp-content\\\/uploads\\\/2025\\\/11\\\/novedicembre-2025-TEST_page-0001.jpg\",\"contentUrl\":\"https:\\\/\\\/www.isolistidipavia.com\\\/wp-content\\\/uploads\\\/2025\\\/11\\\/novedicembre-2025-TEST_page-0001.jpg\",\"width\":1754,\"height\":2481},{\"@type\":\"BreadcrumbList\",\"@id\":\"https:\\\/\\\/www.isolistidipavia.com\\\/en\\\/notizie\\\/ilnovedicembre-concerto-per-la-citta\\\/#breadcrumb\",\"itemListElement\":[{\"@type\":\"ListItem\",\"position\":1,\"name\":\"Home\",\"item\":\"https:\\\/\\\/www.isolistidipavia.com\\\/en\\\/\"},{\"@type\":\"ListItem\",\"position\":2,\"name\":\"ILNOVEDICEMBRE: CONCERTO PER LA CITT\u00c0\"}]},{\"@type\":\"WebSite\",\"@id\":\"https:\\\/\\\/www.isolistidipavia.com\\\/en\\\/#website\",\"url\":\"https:\\\/\\\/www.isolistidipavia.com\\\/en\\\/\",\"name\":\"I Solisti di Pavia\",\"description\":\"Orchestra da Camera\",\"publisher\":{\"@id\":\"https:\\\/\\\/www.isolistidipavia.com\\\/en\\\/#organization\"},\"alternateName\":\"Solisti Pavia\",\"potentialAction\":[{\"@type\":\"SearchAction\",\"target\":{\"@type\":\"EntryPoint\",\"urlTemplate\":\"https:\\\/\\\/www.isolistidipavia.com\\\/en\\\/?s={search_term_string}\"},\"query-input\":{\"@type\":\"PropertyValueSpecification\",\"valueRequired\":true,\"valueName\":\"search_term_string\"}}],\"inLanguage\":\"en-US\"},{\"@type\":\"Organization\",\"@id\":\"https:\\\/\\\/www.isolistidipavia.com\\\/en\\\/#organization\",\"name\":\"Fondazione I Solisti di Pavia\",\"alternateName\":\"I Solisti di Pavia\",\"url\":\"https:\\\/\\\/www.isolistidipavia.com\\\/en\\\/\",\"logo\":{\"@type\":\"ImageObject\",\"inLanguage\":\"en-US\",\"@id\":\"https:\\\/\\\/www.isolistidipavia.com\\\/en\\\/#\\\/schema\\\/logo\\\/image\\\/\",\"url\":\"https:\\\/\\\/www.isolistidipavia.com\\\/wp-content\\\/uploads\\\/2022\\\/11\\\/logo-solisti-pavia.png\",\"contentUrl\":\"https:\\\/\\\/www.isolistidipavia.com\\\/wp-content\\\/uploads\\\/2022\\\/11\\\/logo-solisti-pavia.png\",\"width\":1920,\"height\":724,\"caption\":\"Fondazione I Solisti di Pavia\"},\"image\":{\"@id\":\"https:\\\/\\\/www.isolistidipavia.com\\\/en\\\/#\\\/schema\\\/logo\\\/image\\\/\"},\"sameAs\":[\"https:\\\/\\\/www.facebook.com\\\/isolistidipavia\\\/\",\"https:\\\/\\\/www.instagram.com\\\/isolistidipavia\\\/\",\"https:\\\/\\\/open.spotify.com\\\/artist\\\/1peAPp9u6h3SHrNU3I48ma\",\"https:\\\/\\\/www.youtube.com\\\/@ISolistidiPavia\"]},{\"@type\":\"Person\",\"@id\":\"https:\\\/\\\/www.isolistidipavia.com\\\/en\\\/#\\\/schema\\\/person\\\/d273ed5a35f409f0fa13cfadd506bba0\",\"name\":\"Staff\"}]}<\/script>\n<!-- \/ Yoast SEO Premium plugin. -->","yoast_head_json":{"title":"ILNOVEDICEMBRE: CONCERTO PER LA CITT\u00c0 | I Solisti di Pavia","robots":{"index":"index","follow":"follow","max-snippet":"max-snippet:-1","max-image-preview":"max-image-preview:large","max-video-preview":"max-video-preview:-1"},"canonical":"https:\/\/www.isolistidipavia.com\/en\/notizie\/ilnovedicembre-concerto-per-la-citta\/","og_locale":"en_US","og_type":"article","og_title":"ILNOVEDICEMBRE: CONCERTO PER LA CITT\u00c0 | I Solisti di Pavia","og_description":"Aprono oggi le prevendite per il tradizionale Concerto de I Solisti di Pavia nel giorno del Santo Patrono San Siro, il 9 dicembre, alle ore 20:00 presso il Teatro Fraschini [&hellip;]","og_url":"https:\/\/www.isolistidipavia.com\/en\/notizie\/ilnovedicembre-concerto-per-la-citta\/","og_site_name":"I Solisti di Pavia","article_publisher":"https:\/\/www.facebook.com\/isolistidipavia\/","article_published_time":"2025-11-24T08:56:17+00:00","article_modified_time":"2025-11-24T14:47:43+00:00","og_image":[{"width":1754,"height":2481,"url":"https:\/\/www.isolistidipavia.com\/wp-content\/uploads\/2025\/11\/novedicembre-2025-TEST_page-0001.jpg","type":"image\/jpeg"}],"author":"Staff","twitter_card":"summary_large_image","twitter_misc":{"Written by":"Staff","Est. reading time":"2 minutes"},"schema":{"@context":"https:\/\/schema.org","@graph":[{"@type":"Article","@id":"https:\/\/www.isolistidipavia.com\/en\/notizie\/ilnovedicembre-concerto-per-la-citta\/#article","isPartOf":{"@id":"https:\/\/www.isolistidipavia.com\/en\/notizie\/ilnovedicembre-concerto-per-la-citta\/"},"author":{"name":"Staff","@id":"https:\/\/www.isolistidipavia.com\/en\/#\/schema\/person\/d273ed5a35f409f0fa13cfadd506bba0"},"headline":"ILNOVEDICEMBRE: CONCERTO PER LA CITT\u00c0","datePublished":"2025-11-24T08:56:17+00:00","dateModified":"2025-11-24T14:47:43+00:00","mainEntityOfPage":{"@id":"https:\/\/www.isolistidipavia.com\/en\/notizie\/ilnovedicembre-concerto-per-la-citta\/"},"wordCount":314,"publisher":{"@id":"https:\/\/www.isolistidipavia.com\/en\/#organization"},"image":{"@id":"https:\/\/www.isolistidipavia.com\/en\/notizie\/ilnovedicembre-concerto-per-la-citta\/#primaryimage"},"thumbnailUrl":"https:\/\/www.isolistidipavia.com\/wp-content\/uploads\/2025\/11\/novedicembre-2025-TEST_page-0001.jpg","articleSection":["Notizie"],"inLanguage":"en-US"},{"@type":"WebPage","@id":"https:\/\/www.isolistidipavia.com\/en\/notizie\/ilnovedicembre-concerto-per-la-citta\/","url":"https:\/\/www.isolistidipavia.com\/en\/notizie\/ilnovedicembre-concerto-per-la-citta\/","name":"ILNOVEDICEMBRE: CONCERTO PER LA CITT\u00c0 | I Solisti di Pavia","isPartOf":{"@id":"https:\/\/www.isolistidipavia.com\/en\/#website"},"primaryImageOfPage":{"@id":"https:\/\/www.isolistidipavia.com\/en\/notizie\/ilnovedicembre-concerto-per-la-citta\/#primaryimage"},"image":{"@id":"https:\/\/www.isolistidipavia.com\/en\/notizie\/ilnovedicembre-concerto-per-la-citta\/#primaryimage"},"thumbnailUrl":"https:\/\/www.isolistidipavia.com\/wp-content\/uploads\/2025\/11\/novedicembre-2025-TEST_page-0001.jpg","datePublished":"2025-11-24T08:56:17+00:00","dateModified":"2025-11-24T14:47:43+00:00","breadcrumb":{"@id":"https:\/\/www.isolistidipavia.com\/en\/notizie\/ilnovedicembre-concerto-per-la-citta\/#breadcrumb"},"inLanguage":"en-US","potentialAction":[{"@type":"ReadAction","target":["https:\/\/www.isolistidipavia.com\/en\/notizie\/ilnovedicembre-concerto-per-la-citta\/"]}]},{"@type":"ImageObject","inLanguage":"en-US","@id":"https:\/\/www.isolistidipavia.com\/en\/notizie\/ilnovedicembre-concerto-per-la-citta\/#primaryimage","url":"https:\/\/www.isolistidipavia.com\/wp-content\/uploads\/2025\/11\/novedicembre-2025-TEST_page-0001.jpg","contentUrl":"https:\/\/www.isolistidipavia.com\/wp-content\/uploads\/2025\/11\/novedicembre-2025-TEST_page-0001.jpg","width":1754,"height":2481},{"@type":"BreadcrumbList","@id":"https:\/\/www.isolistidipavia.com\/en\/notizie\/ilnovedicembre-concerto-per-la-citta\/#breadcrumb","itemListElement":[{"@type":"ListItem","position":1,"name":"Home","item":"https:\/\/www.isolistidipavia.com\/en\/"},{"@type":"ListItem","position":2,"name":"ILNOVEDICEMBRE: CONCERTO PER LA CITT\u00c0"}]},{"@type":"WebSite","@id":"https:\/\/www.isolistidipavia.com\/en\/#website","url":"https:\/\/www.isolistidipavia.com\/en\/","name":"I Solisti di Pavia","description":"Orchestra da Camera","publisher":{"@id":"https:\/\/www.isolistidipavia.com\/en\/#organization"},"alternateName":"Solisti Pavia","potentialAction":[{"@type":"SearchAction","target":{"@type":"EntryPoint","urlTemplate":"https:\/\/www.isolistidipavia.com\/en\/?s={search_term_string}"},"query-input":{"@type":"PropertyValueSpecification","valueRequired":true,"valueName":"search_term_string"}}],"inLanguage":"en-US"},{"@type":"Organization","@id":"https:\/\/www.isolistidipavia.com\/en\/#organization","name":"Fondazione I Solisti di Pavia","alternateName":"I Solisti di Pavia","url":"https:\/\/www.isolistidipavia.com\/en\/","logo":{"@type":"ImageObject","inLanguage":"en-US","@id":"https:\/\/www.isolistidipavia.com\/en\/#\/schema\/logo\/image\/","url":"https:\/\/www.isolistidipavia.com\/wp-content\/uploads\/2022\/11\/logo-solisti-pavia.png","contentUrl":"https:\/\/www.isolistidipavia.com\/wp-content\/uploads\/2022\/11\/logo-solisti-pavia.png","width":1920,"height":724,"caption":"Fondazione I Solisti di Pavia"},"image":{"@id":"https:\/\/www.isolistidipavia.com\/en\/#\/schema\/logo\/image\/"},"sameAs":["https:\/\/www.facebook.com\/isolistidipavia\/","https:\/\/www.instagram.com\/isolistidipavia\/","https:\/\/open.spotify.com\/artist\/1peAPp9u6h3SHrNU3I48ma","https:\/\/www.youtube.com\/@ISolistidiPavia"]},{"@type":"Person","@id":"https:\/\/www.isolistidipavia.com\/en\/#\/schema\/person\/d273ed5a35f409f0fa13cfadd506bba0","name":"Staff"}]}},"_links":{"self":[{"href":"https:\/\/www.isolistidipavia.com\/en\/wp-json\/wp\/v2\/posts\/5871","targetHints":{"allow":["GET"]}}],"collection":[{"href":"https:\/\/www.isolistidipavia.com\/en\/wp-json\/wp\/v2\/posts"}],"about":[{"href":"https:\/\/www.isolistidipavia.com\/en\/wp-json\/wp\/v2\/types\/post"}],"author":[{"embeddable":true,"href":"https:\/\/www.isolistidipavia.com\/en\/wp-json\/wp\/v2\/users\/2"}],"replies":[{"embeddable":true,"href":"https:\/\/www.isolistidipavia.com\/en\/wp-json\/wp\/v2\/comments?post=5871"}],"version-history":[{"count":5,"href":"https:\/\/www.isolistidipavia.com\/en\/wp-json\/wp\/v2\/posts\/5871\/revisions"}],"predecessor-version":[{"id":5908,"href":"https:\/\/www.isolistidipavia.com\/en\/wp-json\/wp\/v2\/posts\/5871\/revisions\/5908"}],"wp:featuredmedia":[{"embeddable":true,"href":"https:\/\/www.isolistidipavia.com\/en\/wp-json\/wp\/v2\/media\/5883"}],"wp:attachment":[{"href":"https:\/\/www.isolistidipavia.com\/en\/wp-json\/wp\/v2\/media?parent=5871"}],"wp:term":[{"taxonomy":"category","embeddable":true,"href":"https:\/\/www.isolistidipavia.com\/en\/wp-json\/wp\/v2\/categories?post=5871"},{"taxonomy":"post_tag","embeddable":true,"href":"https:\/\/www.isolistidipavia.com\/en\/wp-json\/wp\/v2\/tags?post=5871"}],"curies":[{"name":"wp","href":"https:\/\/api.w.org\/{rel}","templated":true}]}}